{"id":89,"date":"2025-08-08T16:01:21","date_gmt":"2025-08-08T16:01:21","guid":{"rendered":"https:\/\/scottduvall.ca\/?p=89"},"modified":"2025-08-11T16:03:17","modified_gmt":"2025-08-11T16:03:17","slug":"unha-esbranquicada-causas-cuidados-e-tratamentos","status":"publish","type":"post","link":"https:\/\/scottduvall.ca\/?p=89","title":{"rendered":"Unha Esbranqui\u00e7ada: Causas, Cuidados e Tratamentos"},"content":{"rendered":"\n<p>A<a href=\"https:\/\/clinicaleilanecatricala.com.br\/blog\/220\/unhas-esbranquicadas-o-que-pode-ser-e-como-cuida\" target=\"_blank\" rel=\"noopener\"> <strong>unha esbranqui\u00e7ada<\/strong><\/a> \u00e9 um sinal que pode indicar desde altera\u00e7\u00f5es simples, como pequenos traumas, at\u00e9 condi\u00e7\u00f5es mais s\u00e9rias, como infec\u00e7\u00f5es ou defici\u00eancias nutricionais. Por isso, \u00e9 importante observar quando o aspecto da unha muda e buscar avalia\u00e7\u00e3o profissional.<\/p>\n\n\n\n<hr class=\"wp-block-separator has-alpha-channel-opacity\"\/>\n\n\n\n<h2 class=\"wp-block-heading\"><strong>Poss\u00edveis Causas<\/strong><\/h2>\n\n\n\n<p>Uma <strong>unha esbranqui\u00e7ada<\/strong> pode surgir por diferentes motivos, incluindo:<\/p>\n\n\n\n<ul class=\"wp-block-list\">\n<li>Micose (onicomicose);<br><\/li>\n\n\n\n<li>Defici\u00eancia de vitaminas e minerais, como zinco e ferro;<br><\/li>\n\n\n\n<li>Traumas f\u00edsicos na unha;<br><\/li>\n\n\n\n<li>Rea\u00e7\u00f5es al\u00e9rgicas a esmaltes ou produtos qu\u00edmicos;<br><\/li>\n\n\n\n<li>Doen\u00e7as sist\u00eamicas, como problemas no f\u00edgado ou nos rins.<br><\/li>\n<\/ul>\n\n\n\n<p>Se a<a href=\"https:\/\/clinicaleilanecatricala.com.br\/blog\/220\/unhas-esbranquicadas-o-que-pode-ser-e-como-cuida\" target=\"_blank\" rel=\"noopener\"> <strong>unha esbranqui\u00e7ada<\/strong><\/a> persistir, \u00e9 fundamental realizar um diagn\u00f3stico correto para determinar a causa.<\/p>\n\n\n\n<hr class=\"wp-block-separator has-alpha-channel-opacity\"\/>\n\n\n\n<h2 class=\"wp-block-heading\"><strong>Tratamentos Indicados<\/strong><\/h2>\n\n\n\n<p>O tratamento da <strong>unha esbranqui\u00e7ada<\/strong> depende do que originou a altera\u00e7\u00e3o. Entre as op\u00e7\u00f5es est\u00e3o:<\/p>\n\n\n\n<ul class=\"wp-block-list\">\n<li>Uso de medicamentos antif\u00fangicos, quando h\u00e1 micose;<br><\/li>\n\n\n\n<li>Suplementa\u00e7\u00e3o de vitaminas e minerais;<br><\/li>\n\n\n\n<li>Aplica\u00e7\u00e3o de cremes ou pomadas espec\u00edficas;<br><\/li>\n\n\n\n<li>Ajustes na rotina de cuidados com as unhas.<br><\/li>\n<\/ul>\n\n\n\n<p>Um dermatologista poder\u00e1 indicar se a<a href=\"https:\/\/clinicaleilanecatricala.com.br\/blog\/220\/unhas-esbranquicadas-o-que-pode-ser-e-como-cuida\" target=\"_blank\" rel=\"noopener\"> <strong>unha esbranqui\u00e7ada<\/strong><\/a> precisa de tratamento t\u00f3pico, oral ou ambos.<\/p>\n\n\n\n<hr class=\"wp-block-separator has-alpha-channel-opacity\"\/>\n\n\n\n<h2 class=\"wp-block-heading\"><strong>Cuidados Preventivos<\/strong><\/h2>\n\n\n\n<p>Para evitar o aparecimento da <strong>unha esbranqui\u00e7ada<\/strong>, \u00e9 importante:<\/p>\n\n\n\n<ul class=\"wp-block-list\">\n<li>Manter as unhas limpas e secas;<br><\/li>\n\n\n\n<li>Utilizar esmaltes e removedores de qualidade;<br><\/li>\n\n\n\n<li>Usar luvas ao manusear produtos qu\u00edmicos;<br><\/li>\n\n\n\n<li>Evitar roer ou cortar as unhas de forma inadequada.<br><\/li>\n<\/ul>\n\n\n\n<p>Esses h\u00e1bitos ajudam a reduzir o risco de surgimento de<a href=\"https:\/\/clinicaleilanecatricala.com.br\/blog\/220\/unhas-esbranquicadas-o-que-pode-ser-e-como-cuida\" target=\"_blank\" rel=\"noopener\"> <strong>unha esbranqui\u00e7ada<\/strong><\/a> e outros problemas.<\/p>\n\n\n\n<hr class=\"wp-block-separator has-alpha-channel-opacity\"\/>\n\n\n\n<h2 class=\"wp-block-heading\"><strong>Sinais de Alerta<\/strong><\/h2>\n\n\n\n<p>Se a <strong>unha esbranqui\u00e7ada<\/strong> vier acompanhada de dor, descama\u00e7\u00e3o, mau odor ou deformidades, \u00e9 recomendada a avalia\u00e7\u00e3o imediata de um especialista. Em alguns casos, a<a href=\"https:\/\/clinicaleilanecatricala.com.br\/blog\/220\/unhas-esbranquicadas-o-que-pode-ser-e-como-cuida\" target=\"_blank\" rel=\"noopener\"> <strong>unha esbranqui\u00e7ada<\/strong><\/a> pode ser sintoma de condi\u00e7\u00f5es mais s\u00e9rias que necessitam de aten\u00e7\u00e3o m\u00e9dica.<\/p>\n\n\n\n<hr class=\"wp-block-separator has-alpha-channel-opacity\"\/>\n\n\n\n<h2 class=\"wp-block-heading\"><strong>Conclus\u00e3o \u2013 Tratamento de Unha Esbranqui\u00e7ada na Cl\u00ednica Leilane Catricala<\/strong><\/h2>\n\n\n\n<p>A<a href=\"https:\/\/clinicaleilanecatricala.com.br\/blog\/220\/unhas-esbranquicadas-o-que-pode-ser-e-como-cuida\" target=\"_blank\" rel=\"noopener\"> <strong>unha esbranqui\u00e7ada<\/strong><\/a> \u00e9 um sinal que n\u00e3o deve ser ignorado. Na <strong>Cl\u00ednica Leilane Catricala<\/strong>, voc\u00ea conta com especialistas capacitados e tratamentos modernos para cuidar da sa\u00fade das unhas, garantindo um diagn\u00f3stico preciso e resultados eficazes.<\/p>\n","protected":false},"excerpt":{"rendered":"<p>A unha esbranqui\u00e7ada \u00e9 um sinal que pode indicar desde altera\u00e7\u00f5es simples, como pequenos traumas, at\u00e9 condi\u00e7\u00f5es mais s\u00e9rias, como infec\u00e7\u00f5es ou defici\u00eancias nutricionais. Por isso, \u00e9 importante observar quando o aspecto da unha muda e buscar avalia\u00e7\u00e3o profissional. Poss\u00edveis Causas Uma unha esbranqui\u00e7ada pode surgir por diferentes motivos, incluindo: Se a unha esbranqui\u00e7ada persistir, [&hellip;]<\/p>\n","protected":false},"author":1,"featured_media":90,"comment_status":"open","ping_status":"open","sticky":false,"template":"","format":"standard","meta":{"footnotes":""},"categories":[3],"tags":[],"class_list":["post-89","post","type-post","status-publish","format-standard","has-post-thumbnail","hentry","category-news"],"_links":{"self":[{"href":"https:\/\/scottduvall.ca\/index.php?rest_route=\/wp\/v2\/posts\/89","targetHints":{"allow":["GET"]}}],"collection":[{"href":"https:\/\/scottduvall.ca\/index.php?rest_route=\/wp\/v2\/posts"}],"about":[{"href":"https:\/\/scottduvall.ca\/index.php?rest_route=\/wp\/v2\/types\/post"}],"author":[{"embeddable":true,"href":"https:\/\/scottduvall.ca\/index.php?rest_route=\/wp\/v2\/users\/1"}],"replies":[{"embeddable":true,"href":"https:\/\/scottduvall.ca\/index.php?rest_route=%2Fwp%2Fv2%2Fcomments&post=89"}],"version-history":[{"count":1,"href":"https:\/\/scottduvall.ca\/index.php?rest_route=\/wp\/v2\/posts\/89\/revisions"}],"predecessor-version":[{"id":91,"href":"https:\/\/scottduvall.ca\/index.php?rest_route=\/wp\/v2\/posts\/89\/revisions\/91"}],"wp:featuredmedia":[{"embeddable":true,"href":"https:\/\/scottduvall.ca\/index.php?rest_route=\/wp\/v2\/media\/90"}],"wp:attachment":[{"href":"https:\/\/scottduvall.ca\/index.php?rest_route=%2Fwp%2Fv2%2Fmedia&parent=89"}],"wp:term":[{"taxonomy":"category","embeddable":true,"href":"https:\/\/scottduvall.ca\/index.php?rest_route=%2Fwp%2Fv2%2Fcategories&post=89"},{"taxonomy":"post_tag","embeddable":true,"href":"https:\/\/scottduvall.ca\/index.php?rest_route=%2Fwp%2Fv2%2Ftags&post=89"}],"curies":[{"name":"wp","href":"https:\/\/api.w.org\/{rel}","templated":true}]}}