{"id":75,"date":"2025-07-15T21:46:44","date_gmt":"2025-07-15T21:46:44","guid":{"rendered":"https:\/\/scottduvall.ca\/?p=75"},"modified":"2025-07-11T21:49:03","modified_gmt":"2025-07-11T21:49:03","slug":"manequim-cabeca-destaque-para-acessorios-e-charme-nas-vitrines","status":"publish","type":"post","link":"https:\/\/scottduvall.ca\/?p=75","title":{"rendered":"Manequim cabe\u00e7a: destaque para acess\u00f3rios e charme nas vitrines"},"content":{"rendered":"\n<p>No varejo de moda, cada detalhe conta para encantar o cliente e valorizar os produtos. O <a href=\"https:\/\/artcomvidros.com.br\/manequim\/cabecas-de-manequins\/\" target=\"_blank\" rel=\"noopener\"><strong>manequim cabe\u00e7a<\/strong><\/a> \u00e9 um desses itens indispens\u00e1veis para dar vida \u00e0 vitrine e apresentar acess\u00f3rios de forma atraente e organizada.<\/p>\n\n\n\n<p>Investir em <strong>manequim cabe\u00e7a<\/strong> significa transformar chap\u00e9us, bon\u00e9s, perucas, joias e \u00f3culos em pe\u00e7as-desejo, criando uma vitrine convidativa e profissional. Vamos entender as vantagens, usos estrat\u00e9gicos e onde encontrar modelos de alta qualidade como os da<a href=\"https:\/\/artcomvidros.com.br\/\" target=\"_blank\" rel=\"noopener\"> ArtCom Vidros<\/a>.<\/p>\n\n\n\n<hr class=\"wp-block-separator has-alpha-channel-opacity\"\/>\n\n\n\n<h2 class=\"wp-block-heading\"><strong>O que \u00e9 manequim cabe\u00e7a?<\/strong><\/h2>\n\n\n\n<p>Um<a href=\"https:\/\/artcomvidros.com.br\/manequim\/cabecas-de-manequins\/\" target=\"_blank\" rel=\"noopener\"> <strong>manequim cabe\u00e7a<\/strong><\/a> \u00e9 um suporte em formato de cabe\u00e7a humana, feito em materiais como pl\u00e1stico, resina ou fibra de vidro, usado para expor acess\u00f3rios de forma realista e atraente.<\/p>\n\n\n\n<p>Ele simula como o produto se encaixa no cliente, ajuda a demonstrar caimento e incentiva compras por impulso ao criar um apelo visual irresist\u00edvel.<\/p>\n\n\n\n<hr class=\"wp-block-separator has-alpha-channel-opacity\"\/>\n\n\n\n<h2 class=\"wp-block-heading\"><strong>Vantagens do manequim cabe\u00e7a para lojas<\/strong><\/h2>\n\n\n\n<p>Adotar<a href=\"https:\/\/artcomvidros.com.br\/manequim\/cabecas-de-manequins\/\" target=\"_blank\" rel=\"noopener\"> <strong>manequim cabe\u00e7a<\/strong><\/a> na vitrine ou interior da loja traz diversas vantagens:<\/p>\n\n\n\n<ul class=\"wp-block-list\">\n<li><strong>Valoriza o produto<\/strong>: exibe acess\u00f3rios com realismo.<\/li>\n\n\n\n<li><strong>Organiza a exposi\u00e7\u00e3o<\/strong>: evita bagun\u00e7a em bancadas e prateleiras.<\/li>\n\n\n\n<li><strong>Atrai o olhar<\/strong>: chama aten\u00e7\u00e3o na vitrine.<\/li>\n\n\n\n<li><strong>Facilita combina\u00e7\u00f5es<\/strong>: chap\u00e9us, \u00f3culos, brincos e colares no mesmo suporte.<\/li>\n\n\n\n<li><strong>Reflete profissionalismo<\/strong>: refor\u00e7a a imagem cuidada da loja.<\/li>\n<\/ul>\n\n\n\n<p>Essas vantagens fazem do <strong>manequim cabe\u00e7a<\/strong> um investimento estrat\u00e9gico para o visual merchandising.<\/p>\n\n\n\n<hr class=\"wp-block-separator has-alpha-channel-opacity\"\/>\n\n\n\n<h2 class=\"wp-block-heading\"><strong>Tipos de manequim cabe\u00e7a<\/strong><\/h2>\n\n\n\n<p>H\u00e1 v\u00e1rias op\u00e7\u00f5es de<a href=\"https:\/\/artcomvidros.com.br\/manequim\/cabecas-de-manequins\/\" target=\"_blank\" rel=\"noopener\"> <strong>manequim cabe\u00e7a<\/strong><\/a> para combinar com o estilo da loja:<\/p>\n\n\n\n<ul class=\"wp-block-list\">\n<li><strong>Realistas<\/strong>: com tra\u00e7os humanos detalhados.<\/li>\n\n\n\n<li><strong>Minimalistas<\/strong>: formas limpas e contempor\u00e2neas.<\/li>\n\n\n\n<li><strong>Coloridos ou transl\u00facidos<\/strong>: impacto visual para vitrines ousadas.<\/li>\n\n\n\n<li><strong>Adulto ou infantil<\/strong>: para p\u00fablicos espec\u00edficos.<\/li>\n\n\n\n<li><strong>Com base ou fixa\u00e7\u00e3o variada<\/strong>: para diferentes tipos de exposi\u00e7\u00e3o.<\/li>\n<\/ul>\n\n\n\n<p>Na ArtCom Vidros voc\u00ea encontra modelos variados e com acabamento profissional.<\/p>\n\n\n\n<hr class=\"wp-block-separator has-alpha-channel-opacity\"\/>\n\n\n\n<h2 class=\"wp-block-heading\"><strong>Como usar manequim cabe\u00e7a para vender mais<\/strong><\/h2>\n\n\n\n<p>Um bom<a href=\"https:\/\/artcomvidros.com.br\/manequim\/cabecas-de-manequins\/\" target=\"_blank\" rel=\"noopener\"> <strong>manequim cabe\u00e7a<\/strong><\/a> pode transformar a vitrine em uma poderosa ferramenta de vendas. Algumas dicas:<\/p>\n\n\n\n<ul class=\"wp-block-list\">\n<li><strong>Monte composi\u00e7\u00f5es completas<\/strong>: chap\u00e9u, \u00f3culos e acess\u00f3rios combinados.<\/li>\n\n\n\n<li><strong>Use ilumina\u00e7\u00e3o direcionada<\/strong>: destaque cores e materiais.<\/li>\n\n\n\n<li><strong>Crie cen\u00e1rios tem\u00e1ticos<\/strong>: esta\u00e7\u00f5es, datas comemorativas.<\/li>\n\n\n\n<li><strong>Renove a vitrine regularmente<\/strong>: mantenha a sensa\u00e7\u00e3o de novidade.<\/li>\n\n\n\n<li><strong>Organize por estilo ou cole\u00e7\u00e3o<\/strong>: facilite a escolha do cliente.<\/li>\n<\/ul>\n\n\n\n<p>Essas estrat\u00e9gias aumentam o tempo de perman\u00eancia na loja e o ticket m\u00e9dio.<\/p>\n\n\n\n<hr class=\"wp-block-separator has-alpha-channel-opacity\"\/>\n\n\n\n<h2 class=\"wp-block-heading\"><strong>Manequim cabe\u00e7a como parte do branding<\/strong><\/h2>\n\n\n\n<p>O<a href=\"https:\/\/artcomvidros.com.br\/manequim\/cabecas-de-manequins\/\" target=\"_blank\" rel=\"noopener\"> <strong>manequim cabe\u00e7a<\/strong><\/a> tamb\u00e9m comunica a personalidade da sua marca.<\/p>\n\n\n\n<p>Modelos realistas com acabamentos finos refor\u00e7am uma imagem premium. J\u00e1 vers\u00f5es coloridas ou minimalistas podem transmitir modernidade e ousadia.<\/p>\n\n\n\n<p>Investir em manequins de qualidade \u00e9 sinal de aten\u00e7\u00e3o aos detalhes e respeito pelo cliente.<\/p>\n\n\n\n<hr class=\"wp-block-separator has-alpha-channel-opacity\"\/>\n\n\n\n<h2 class=\"wp-block-heading\"><strong>Cuidados e manuten\u00e7\u00e3o<\/strong><\/h2>\n\n\n\n<p>Para manter seu<a href=\"https:\/\/artcomvidros.com.br\/manequim\/cabecas-de-manequins\/\" target=\"_blank\" rel=\"noopener\"> <strong>manequim cabe\u00e7a<\/strong><\/a> sempre bonito e funcional:<\/p>\n\n\n\n<ul class=\"wp-block-list\">\n<li>Limpe com pano \u00famido e detergente neutro.<\/li>\n\n\n\n<li>Evite quedas ou impactos fortes.<\/li>\n\n\n\n<li>Armazene em local protegido quando n\u00e3o estiver em uso.<\/li>\n\n\n\n<li>Verifique bases e fixa\u00e7\u00f5es para evitar acidentes.<\/li>\n<\/ul>\n\n\n\n<p>Os modelos da ArtCom Vidros s\u00e3o feitos para uso intenso, com materiais dur\u00e1veis e design pensado para o varejo.<\/p>\n\n\n\n<hr class=\"wp-block-separator has-alpha-channel-opacity\"\/>\n\n\n\n<h2 class=\"wp-block-heading\"><strong>Onde comprar manequim cabe\u00e7a com qualidade garantida<\/strong><\/h2>\n\n\n\n<p>Quer transformar sua vitrine com um<a href=\"https:\/\/artcomvidros.com.br\/manequim\/cabecas-de-manequins\/\" target=\"_blank\" rel=\"noopener\"> <strong>manequim cabe\u00e7a<\/strong><\/a> elegante, resistente e funcional? A ArtCom Vidros \u00e9 a escolha ideal.<\/p>\n\n\n\n<p>A marca oferece:<\/p>\n\n\n\n<ul class=\"wp-block-list\">\n<li>Modelos variados para diferentes estilos de loja.<\/li>\n\n\n\n<li>Materiais resistentes com acabamento profissional.<\/li>\n\n\n\n<li>Atendimento t\u00e9cnico especializado.<\/li>\n\n\n\n<li>Entrega para todo o Brasil.<\/li>\n<\/ul>\n\n\n\n<p>Invista em suportes que valorizam seus acess\u00f3rios e encantam seus clientes.<\/p>\n\n\n\n<hr class=\"wp-block-separator has-alpha-channel-opacity\"\/>\n\n\n\n<h2 class=\"wp-block-heading\"><strong>Conclus\u00e3o: manequim cabe\u00e7a \u00e9 estrat\u00e9gia de venda<\/strong><\/h2>\n\n\n\n<p>O<a href=\"https:\/\/artcomvidros.com.br\/manequim\/cabecas-de-manequins\/\" target=\"_blank\" rel=\"noopener\"> <strong>manequim cabe\u00e7a<\/strong><\/a> vai muito al\u00e9m de um detalhe decorativo. Ele organiza, valoriza produtos, cria cen\u00e1rios e fortalece o branding.<\/p>\n\n\n\n<p>Em um mercado competitivo, cada detalhe importa. Investir em manequins de qualidade \u00e9 garantir vendas, fideliza\u00e7\u00e3o e uma experi\u00eancia de compra marcante.<\/p>\n\n\n\n<p>Transforme sua loja com ArtCom Vidros e leve sua vitrine a outro n\u00edvel.<\/p>\n\n\n\n<hr class=\"wp-block-separator has-alpha-channel-opacity\"\/>\n\n\n\n<h2 class=\"wp-block-heading\"><strong>Leitura complementar<\/strong><\/h2>\n\n\n\n<ul class=\"wp-block-list\">\n<li><a href=\"https:\/\/pt.wikipedia.org\/wiki\/Merchandising\" target=\"_blank\" rel=\"noopener\">Wikipedia \u2013 Merchandising visual<\/a><\/li>\n\n\n\n<li><a href=\"https:\/\/sebrae.com.br\" target=\"_blank\" rel=\"noopener\">Sebrae \u2013 Como organizar sua loja para vender mais<\/a><\/li>\n\n\n\n<li><a href=\"https:\/\/endeavor.org.br\" target=\"_blank\" rel=\"noopener\">Endeavor \u2013 A experi\u00eancia do consumidor no varejo f\u00edsico<\/a><\/li>\n<\/ul>\n\n\n\n<hr class=\"wp-block-separator has-alpha-channel-opacity\"\/>\n\n\n\n<p><strong>Todos os direitos reservados \u00e0<\/strong><a href=\"https:\/\/artcomvidros.com.br\/\" target=\"_blank\" rel=\"noopener\"><strong> <\/strong><strong>ArtCom Vidros<\/strong><\/a>.<\/p>\n","protected":false},"excerpt":{"rendered":"<p>No varejo de moda, cada detalhe conta para encantar o cliente e valorizar os produtos. O manequim cabe\u00e7a \u00e9 um desses itens indispens\u00e1veis para dar vida \u00e0 vitrine e apresentar acess\u00f3rios de forma atraente e organizada. Investir em manequim cabe\u00e7a significa transformar chap\u00e9us, bon\u00e9s, perucas, joias e \u00f3culos em pe\u00e7as-desejo, criando uma vitrine convidativa e [&hellip;]<\/p>\n","protected":false},"author":1,"featured_media":76,"comment_status":"open","ping_status":"open","sticky":false,"template":"","format":"standard","meta":{"footnotes":""},"categories":[3],"tags":[],"class_list":["post-75","post","type-post","status-publish","format-standard","has-post-thumbnail","hentry","category-news"],"_links":{"self":[{"href":"https:\/\/scottduvall.ca\/index.php?rest_route=\/wp\/v2\/posts\/75","targetHints":{"allow":["GET"]}}],"collection":[{"href":"https:\/\/scottduvall.ca\/index.php?rest_route=\/wp\/v2\/posts"}],"about":[{"href":"https:\/\/scottduvall.ca\/index.php?rest_route=\/wp\/v2\/types\/post"}],"author":[{"embeddable":true,"href":"https:\/\/scottduvall.ca\/index.php?rest_route=\/wp\/v2\/users\/1"}],"replies":[{"embeddable":true,"href":"https:\/\/scottduvall.ca\/index.php?rest_route=%2Fwp%2Fv2%2Fcomments&post=75"}],"version-history":[{"count":1,"href":"https:\/\/scottduvall.ca\/index.php?rest_route=\/wp\/v2\/posts\/75\/revisions"}],"predecessor-version":[{"id":77,"href":"https:\/\/scottduvall.ca\/index.php?rest_route=\/wp\/v2\/posts\/75\/revisions\/77"}],"wp:featuredmedia":[{"embeddable":true,"href":"https:\/\/scottduvall.ca\/index.php?rest_route=\/wp\/v2\/media\/76"}],"wp:attachment":[{"href":"https:\/\/scottduvall.ca\/index.php?rest_route=%2Fwp%2Fv2%2Fmedia&parent=75"}],"wp:term":[{"taxonomy":"category","embeddable":true,"href":"https:\/\/scottduvall.ca\/index.php?rest_route=%2Fwp%2Fv2%2Fcategories&post=75"},{"taxonomy":"post_tag","embeddable":true,"href":"https:\/\/scottduvall.ca\/index.php?rest_route=%2Fwp%2Fv2%2Ftags&post=75"}],"curies":[{"name":"wp","href":"https:\/\/api.w.org\/{rel}","templated":true}]}}