{"id":64,"date":"2025-06-09T18:11:19","date_gmt":"2025-06-09T18:11:19","guid":{"rendered":"https:\/\/scottduvall.ca\/?p=64"},"modified":"2025-06-26T18:26:47","modified_gmt":"2025-06-26T18:26:47","slug":"balcao-de-vidro-para-loja-mais-do-que-exposicao-uma-estrategia-de-vendas-e-imagem","status":"publish","type":"post","link":"https:\/\/scottduvall.ca\/?p=64","title":{"rendered":"Balc\u00e3o de vidro para loja: mais do que exposi\u00e7\u00e3o, uma estrat\u00e9gia de vendas e imagem"},"content":{"rendered":"\n<p>No universo do varejo, a forma como os produtos s\u00e3o apresentados tem impacto direto na experi\u00eancia do cliente e na convers\u00e3o de vendas. Um ambiente limpo, organizado e funcional comunica profissionalismo e confian\u00e7a. Nesse contexto, o <a href=\"https:\/\/artcomvidros.com.br\/balcoes\/modulados\/\" target=\"_blank\" rel=\"noopener\"><strong>balc\u00e3o de vidro para loja<\/strong><\/a> se destaca como uma das solu\u00e7\u00f5es mais completas, vers\u00e1teis e elegantes para quem deseja unir exposi\u00e7\u00e3o de produtos e atendimento com sofistica\u00e7\u00e3o.<\/p>\n\n\n\n<p>Seja em boutiques, relojoarias, papelarias, lojas de eletr\u00f4nicos ou de acess\u00f3rios, o <a href=\"https:\/\/artcomvidros.com.br\/balcoes\/modulados\/\" target=\"_blank\" rel=\"noopener\"><strong>balc\u00e3o de vidro para loja<\/strong><\/a> assume papel central tanto no layout do ponto de venda quanto na valoriza\u00e7\u00e3o dos itens oferecidos.<\/p>\n\n\n\n<p>Neste artigo, voc\u00ea vai entender as vantagens desse mobili\u00e1rio, os principais modelos, como us\u00e1-lo de forma estrat\u00e9gica e onde encontrar op\u00e7\u00f5es dur\u00e1veis e funcionais como as da<a href=\"https:\/\/artcomvidros.com.br\/\" target=\"_blank\" rel=\"noopener\"> ArtCom Vidros<\/a>.<\/p>\n\n\n\n<hr class=\"wp-block-separator has-alpha-channel-opacity\"\/>\n\n\n\n<h2 class=\"wp-block-heading\"><strong>O que \u00e9 um balc\u00e3o de vidro para loja?<\/strong><\/h2>\n\n\n\n<p>O <strong>balc\u00e3o de vidro para loja<\/strong> \u00e9 um m\u00f3vel expositivo utilizado principalmente para acomodar produtos de forma vis\u00edvel, protegida e organizada. Ele \u00e9 composto por estrutura de vidro temperado e, em alguns casos, perfis met\u00e1licos ou pain\u00e9is modulares, podendo incluir prateleiras, fechaduras, ilumina\u00e7\u00e3o e at\u00e9 rod\u00edzios.<\/p>\n\n\n\n<p>Mais do que uma vitrine horizontal, esse balc\u00e3o serve para:<\/p>\n\n\n\n<ul class=\"wp-block-list\">\n<li>Valorizar itens pequenos e detalhados.<br><\/li>\n\n\n\n<li>Organizar o atendimento ao cliente.<br><\/li>\n\n\n\n<li>Proteger produtos delicados ou de alto valor.<br><\/li>\n\n\n\n<li>Direcionar o fluxo no interior da loja.<br><\/li>\n\n\n\n<li>Criar uma est\u00e9tica refinada e profissional.<br><\/li>\n<\/ul>\n\n\n\n<p>A<a href=\"https:\/\/artcomvidros.com.br\/balcoes\/modulados\/\" target=\"_blank\" rel=\"noopener\"> linha de balc\u00e3o de vidro para loja da ArtCom Vidros<\/a> foi desenvolvida para atender essas necessidades com robustez, acabamento sofisticado e total integra\u00e7\u00e3o ao ambiente comercial.<\/p>\n\n\n\n<hr class=\"wp-block-separator has-alpha-channel-opacity\"\/>\n\n\n\n<h2 class=\"wp-block-heading\"><strong>Vantagens do balc\u00e3o de vidro para loja<\/strong><\/h2>\n\n\n\n<p>Escolher um <a href=\"https:\/\/artcomvidros.com.br\/balcoes\/modulados\/\" target=\"_blank\" rel=\"noopener\"><strong>balc\u00e3o de vidro para loja<\/strong><\/a> traz benef\u00edcios pr\u00e1ticos e estrat\u00e9gicos para qualquer tipo de com\u00e9rcio:<\/p>\n\n\n\n<ul class=\"wp-block-list\">\n<li><strong>Alta visibilidade<\/strong>: o vidro garante exposi\u00e7\u00e3o total dos produtos, mesmo com o balc\u00e3o fechado.<br><\/li>\n\n\n\n<li><strong>Organiza\u00e7\u00e3o profissional<\/strong>: facilita a separa\u00e7\u00e3o por categorias, pre\u00e7os ou cole\u00e7\u00f5es.<br><\/li>\n\n\n\n<li><strong>Seguran\u00e7a e prote\u00e7\u00e3o<\/strong>: ideal para joias, eletr\u00f4nicos, cosm\u00e9ticos e outros itens sens\u00edveis.<br><\/li>\n\n\n\n<li><strong>Sofistica\u00e7\u00e3o<\/strong>: passa ao cliente uma imagem moderna e confi\u00e1vel.<br><\/li>\n\n\n\n<li><strong>Aproveitamento do espa\u00e7o<\/strong>: funciona como vitrine e balc\u00e3o de atendimento ao mesmo tempo.<br><\/li>\n<\/ul>\n\n\n\n<p>Esses fatores tornam o<a href=\"https:\/\/artcomvidros.com.br\/balcoes\/modulados\/\" target=\"_blank\" rel=\"noopener\"> <strong>balc\u00e3o de vidro para loja<\/strong><\/a> uma pe\u00e7a essencial para otimizar o ponto de venda, integrando beleza e funcionalidade.<\/p>\n\n\n\n<hr class=\"wp-block-separator has-alpha-channel-opacity\"\/>\n\n\n\n<h2 class=\"wp-block-heading\"><strong>Tipos de balc\u00e3o de vidro e suas aplica\u00e7\u00f5es<\/strong><\/h2>\n\n\n\n<p>Existem diversos modelos de <strong>balc\u00e3o de vidro para loja<\/strong>, e a escolha depende do tipo de produto, do espa\u00e7o dispon\u00edvel e do layout desejado. Veja os mais utilizados:<\/p>\n\n\n\n<ul class=\"wp-block-list\">\n<li><strong>Balc\u00e3o vitrine frontal<\/strong>: ideal para expor produtos voltados para o cliente.<br><\/li>\n\n\n\n<li><strong>Balc\u00e3o com prateleiras internas<\/strong>: perfeito para organiza\u00e7\u00e3o vertical de pe\u00e7as menores.<br><\/li>\n\n\n\n<li><strong>Balc\u00e3o de canto<\/strong>: aproveita \u00e1reas que normalmente ficam ociosas.<br><\/li>\n\n\n\n<li><strong>Balc\u00e3o de vidro com base de MDF<\/strong>: combina\u00e7\u00e3o de resist\u00eancia com est\u00e9tica.<br><\/li>\n\n\n\n<li><strong>Balc\u00e3o modul\u00e1vel<\/strong>: permite a montagem personalizada de acordo com o layout da loja.<br><\/li>\n<\/ul>\n\n\n\n<p>A<a href=\"https:\/\/artcomvidros.com.br\/balcoes\/modulados\/\" target=\"_blank\" rel=\"noopener\"> ArtCom Vidros disponibiliza balc\u00f5es modulados<\/a> que podem ser combinados, adaptados e expandidos conforme a evolu\u00e7\u00e3o do seu neg\u00f3cio.<\/p>\n\n\n\n<hr class=\"wp-block-separator has-alpha-channel-opacity\"\/>\n\n\n\n<h2 class=\"wp-block-heading\"><strong>Como usar o balc\u00e3o de vidro para vender mais?<\/strong><\/h2>\n\n\n\n<p>Sim, o <a href=\"https:\/\/artcomvidros.com.br\/balcoes\/modulados\/\" target=\"_blank\" rel=\"noopener\"><strong>balc\u00e3o de vidro para loja<\/strong><\/a> pode ser uma verdadeira ferramenta de aumento de vendas. Com uma exposi\u00e7\u00e3o bem pensada, ilumina\u00e7\u00e3o adequada e organiza\u00e7\u00e3o visual, ele se transforma em um ponto de atra\u00e7\u00e3o. Algumas dicas:<\/p>\n\n\n\n<ul class=\"wp-block-list\">\n<li><strong>Agrupe por tipo ou linha de produto<\/strong>: isso facilita a compara\u00e7\u00e3o e decis\u00e3o de compra.<br><\/li>\n\n\n\n<li><strong>Utilize ilumina\u00e7\u00e3o LED interna<\/strong>: valoriza pe\u00e7as e destaca detalhes importantes.<br><\/li>\n\n\n\n<li><strong>Mantenha o vidro limpo e transparente<\/strong>: qualquer sujeira compromete a imagem do produto.<br><\/li>\n\n\n\n<li><strong>Evite excesso de produtos<\/strong>: menos \u00e9 mais, destaque o essencial.<br><\/li>\n\n\n\n<li><strong>Altere os produtos em exposi\u00e7\u00e3o com frequ\u00eancia<\/strong>: isso cria sensa\u00e7\u00e3o de novidade para o cliente recorrente.<br><\/li>\n<\/ul>\n\n\n\n<p>Com um<a href=\"https:\/\/artcomvidros.com.br\/balcoes\/modulados\/\" target=\"_blank\" rel=\"noopener\"> <strong>balc\u00e3o de vidro para loja<\/strong><\/a> bem aproveitado, sua vitrine interna se transforma em um argumento visual de vendas.<\/p>\n\n\n\n<hr class=\"wp-block-separator has-alpha-channel-opacity\"\/>\n\n\n\n<h2 class=\"wp-block-heading\"><strong>Balc\u00e3o como parte da identidade visual da loja<\/strong><\/h2>\n\n\n\n<p>O <a href=\"https:\/\/artcomvidros.com.br\/balcoes\/modulados\/\" target=\"_blank\" rel=\"noopener\"><strong>balc\u00e3o de vidro para loja<\/strong><\/a> n\u00e3o \u00e9 apenas uma estrutura funcional. Ele faz parte da comunica\u00e7\u00e3o visual da marca. O estilo, o acabamento e o posicionamento desse m\u00f3vel influenciam na percep\u00e7\u00e3o que o cliente ter\u00e1 sobre o seu neg\u00f3cio.<\/p>\n\n\n\n<p>Ambientes modernos e bem planejados passam a mensagem de credibilidade, capricho e transpar\u00eancia. \u00c9 por isso que os balc\u00f5es da<a href=\"https:\/\/artcomvidros.com.br\/balcoes\/modulados\/\" target=\"_blank\" rel=\"noopener\"> ArtCom Vidros<\/a> s\u00e3o projetados para se integrar \u00e0 identidade visual da loja, com perfis sob medida, estruturas minimalistas e materiais de alta qualidade.<\/p>\n\n\n\n<hr class=\"wp-block-separator has-alpha-channel-opacity\"\/>\n\n\n\n<h2 class=\"wp-block-heading\"><strong>Cuidados com instala\u00e7\u00e3o e manuten\u00e7\u00e3o<\/strong><\/h2>\n\n\n\n<p>Para garantir a longevidade e o bom uso do seu <strong>balc\u00e3o de vidro para loja<\/strong>, considere os seguintes cuidados:<\/p>\n\n\n\n<ul class=\"wp-block-list\">\n<li><strong>Evite impacto direto<\/strong>: mesmo o vidro temperado pode trincar com choques intensos.<br><\/li>\n\n\n\n<li><strong>Use panos macios e produtos neutros na limpeza<\/strong>.<br><\/li>\n\n\n\n<li><strong>N\u00e3o ultrapasse o limite de peso das prateleiras<\/strong>.<br><\/li>\n\n\n\n<li><strong>Verifique periodicamente os encaixes e fechaduras<\/strong>.<br><\/li>\n\n\n\n<li><strong>Treine a equipe para manusear corretamente as portas e expositores<\/strong>.<br><\/li>\n<\/ul>\n\n\n\n<p>Investir em manuten\u00e7\u00e3o preventiva preserva o visual e a seguran\u00e7a dos seus balc\u00f5es \u2014 especialmente nos modelos de<a href=\"https:\/\/artcomvidros.com.br\/balcoes\/modulados\/\" target=\"_blank\" rel=\"noopener\"> balc\u00e3o de vidro para loja da ArtCom<\/a>, que s\u00e3o projetados para uso cont\u00ednuo e exigente.<\/p>\n\n\n\n<hr class=\"wp-block-separator has-alpha-channel-opacity\"\/>\n\n\n\n<h2 class=\"wp-block-heading\"><strong>Onde comprar balc\u00e3o de vidro para loja com qualidade?<\/strong><\/h2>\n\n\n\n<p>Se voc\u00ea busca um fornecedor confi\u00e1vel, com expertise no mercado e produtos sob medida, a<a href=\"https:\/\/artcomvidros.com.br\/balcoes\/modulados\/\" target=\"_blank\" rel=\"noopener\"> ArtCom Vidros<\/a> \u00e9 a escolha ideal.<\/p>\n\n\n\n<p>Com uma linha completa de <strong>balc\u00e3o de vidro para loja<\/strong>, a marca oferece:<\/p>\n\n\n\n<ul class=\"wp-block-list\">\n<li>Modelos modulares e personaliz\u00e1veis.<br><\/li>\n\n\n\n<li>Estruturas em vidro temperado de alta resist\u00eancia.<br><\/li>\n\n\n\n<li>Suporte t\u00e9cnico para montagem e layout.<br><\/li>\n\n\n\n<li>Acabamento refinado e est\u00e9tica moderna.<br><\/li>\n\n\n\n<li>Atendimento especializado para cada tipo de loja.<br><\/li>\n<\/ul>\n\n\n\n<p>Do projeto \u00e0 entrega, a ArtCom cuida de cada etapa para que seu espa\u00e7o comercial seja funcional, bonito e eficiente.<\/p>\n\n\n\n<hr class=\"wp-block-separator has-alpha-channel-opacity\"\/>\n\n\n\n<h2 class=\"wp-block-heading\"><strong>Conclus\u00e3o: o balc\u00e3o que organiza, protege e vende<\/strong><\/h2>\n\n\n\n<p>O <a href=\"https:\/\/artcomvidros.com.br\/balcoes\/modulados\/\" target=\"_blank\" rel=\"noopener\"><strong>balc\u00e3o de vidro para loja<\/strong><\/a> n\u00e3o \u00e9 apenas um m\u00f3vel \u2014 \u00e9 um ponto estrat\u00e9gico de exposi\u00e7\u00e3o, seguran\u00e7a e comunica\u00e7\u00e3o com o cliente. Ele organiza produtos, valoriza detalhes, cria confian\u00e7a e, principalmente, <strong>aumenta o potencial de vendas de qualquer loja f\u00edsica<\/strong>.<\/p>\n\n\n\n<p>Se voc\u00ea quer transformar seu PDV com mais profissionalismo e impacto visual, conhe\u00e7a agora os modelos da<a href=\"https:\/\/artcomvidros.com.br\/balcoes\/modulados\/\" target=\"_blank\" rel=\"noopener\"> ArtCom Vidros<\/a> e descubra como montar um ambiente que encanta e vende.<\/p>\n\n\n\n<hr class=\"wp-block-separator has-alpha-channel-opacity\"\/>\n\n\n\n<h2 class=\"wp-block-heading\"><strong>Fontes e leitura complementar<\/strong><\/h2>\n\n\n\n<ul class=\"wp-block-list\">\n<li><a href=\"https:\/\/pt.wikipedia.org\/wiki\/Vitrine\" target=\"_blank\" rel=\"noopener\">Wikipedia \u2013 Vitrines comerciais<br><\/a><\/li>\n\n\n\n<li><a href=\"https:\/\/sebrae.com.br\" target=\"_blank\" rel=\"noopener\">Sebrae \u2013 Organiza\u00e7\u00e3o de lojas e visual merchandising<br><\/a><\/li>\n\n\n\n<li><a href=\"https:\/\/endeavor.org.br\" target=\"_blank\" rel=\"noopener\">Endeavor \u2013 Como criar boas experi\u00eancias no varejo f\u00edsico<br><\/a><\/li>\n<\/ul>\n\n\n\n<hr class=\"wp-block-separator has-alpha-channel-opacity\"\/>\n\n\n\n<p><strong>Todos os direitos reservados \u00e0<\/strong><a href=\"https:\/\/artcomvidros.com.br\/\" target=\"_blank\" rel=\"noopener\"><strong> <\/strong><strong>ArtCom Vidros<\/strong><\/a>.<\/p>\n","protected":false},"excerpt":{"rendered":"<p>No universo do varejo, a forma como os produtos s\u00e3o apresentados tem impacto direto na experi\u00eancia do cliente e na convers\u00e3o de vendas. Um ambiente limpo, organizado e funcional comunica profissionalismo e confian\u00e7a. Nesse contexto, o balc\u00e3o de vidro para loja se destaca como uma das solu\u00e7\u00f5es mais completas, vers\u00e1teis e elegantes para quem deseja [&hellip;]<\/p>\n","protected":false},"author":1,"featured_media":65,"comment_status":"open","ping_status":"open","sticky":false,"template":"","format":"standard","meta":{"footnotes":""},"categories":[3],"tags":[],"class_list":["post-64","post","type-post","status-publish","format-standard","has-post-thumbnail","hentry","category-news"],"_links":{"self":[{"href":"https:\/\/scottduvall.ca\/index.php?rest_route=\/wp\/v2\/posts\/64","targetHints":{"allow":["GET"]}}],"collection":[{"href":"https:\/\/scottduvall.ca\/index.php?rest_route=\/wp\/v2\/posts"}],"about":[{"href":"https:\/\/scottduvall.ca\/index.php?rest_route=\/wp\/v2\/types\/post"}],"author":[{"embeddable":true,"href":"https:\/\/scottduvall.ca\/index.php?rest_route=\/wp\/v2\/users\/1"}],"replies":[{"embeddable":true,"href":"https:\/\/scottduvall.ca\/index.php?rest_route=%2Fwp%2Fv2%2Fcomments&post=64"}],"version-history":[{"count":1,"href":"https:\/\/scottduvall.ca\/index.php?rest_route=\/wp\/v2\/posts\/64\/revisions"}],"predecessor-version":[{"id":66,"href":"https:\/\/scottduvall.ca\/index.php?rest_route=\/wp\/v2\/posts\/64\/revisions\/66"}],"wp:featuredmedia":[{"embeddable":true,"href":"https:\/\/scottduvall.ca\/index.php?rest_route=\/wp\/v2\/media\/65"}],"wp:attachment":[{"href":"https:\/\/scottduvall.ca\/index.php?rest_route=%2Fwp%2Fv2%2Fmedia&parent=64"}],"wp:term":[{"taxonomy":"category","embeddable":true,"href":"https:\/\/scottduvall.ca\/index.php?rest_route=%2Fwp%2Fv2%2Fcategories&post=64"},{"taxonomy":"post_tag","embeddable":true,"href":"https:\/\/scottduvall.ca\/index.php?rest_route=%2Fwp%2Fv2%2Ftags&post=64"}],"curies":[{"name":"wp","href":"https:\/\/api.w.org\/{rel}","templated":true}]}}