{"id":58,"date":"2025-06-09T15:22:45","date_gmt":"2025-06-09T15:22:45","guid":{"rendered":"https:\/\/scottduvall.ca\/?p=58"},"modified":"2025-06-26T15:28:07","modified_gmt":"2025-06-26T15:28:07","slug":"guia-atualizado-dos-melhores-cremes-clareadores-corporais-como-escolher-e-obter-resultados-visiveis-com-seguranca","status":"publish","type":"post","link":"https:\/\/scottduvall.ca\/?p=58","title":{"rendered":"Guia Atualizado dos Melhores Cremes Clareadores Corporais: Como Escolher e Obter Resultados Vis\u00edveis com Seguran\u00e7a"},"content":{"rendered":"\n<h2 class=\"wp-block-heading\"><strong>Introdu\u00e7\u00e3o: Manchas na pele e autoestima \u2014 um desafio cada vez mais comum<\/strong><\/h2>\n\n\n\n<p>A pele \u00e9 o maior \u00f3rg\u00e3o do corpo humano e, como tal, reflete h\u00e1bitos, estilo de vida e, muitas vezes, quest\u00f5es hormonais ou gen\u00e9ticas. Entre os problemas est\u00e9ticos mais relatados em consult\u00f3rios dermatol\u00f3gicos, as <strong>manchas corporais<\/strong> ganham destaque. Manchas nas axilas, virilhas, cotovelos, joelhos e costas n\u00e3o apenas geram desconforto visual, mas afetam diretamente a autoestima e a liberdade de vestir-se como se deseja.<\/p>\n\n\n\n<p>\u00c9 nesse cen\u00e1rio que crescem os tratamentos \u00e0 base dos <a href=\"https:\/\/www.clinicaleilanecatricala.com.br\/blog\/261\/cremes-clareadores-corporais-como-escolher-o-melhor-para-sua-pele\" target=\"_blank\" rel=\"noopener\"><strong>melhores cremes clareadores corporais<\/strong><\/a>, que, quando indicados e usados corretamente, promovem a uniformiza\u00e7\u00e3o do tom da pele com seguran\u00e7a e efic\u00e1cia.<\/p>\n\n\n\n<p>Neste artigo, vamos explorar os ativos mais eficazes, como escolher o produto ideal, o que dizem os dermatologistas e como garantir resultados reais sem agredir sua pele.<\/p>\n\n\n\n<hr class=\"wp-block-separator has-alpha-channel-opacity\"\/>\n\n\n\n<h2 class=\"wp-block-heading\"><strong>O que s\u00e3o os cremes clareadores corporais?<\/strong><\/h2>\n\n\n\n<p>Os <strong>cremes clareadores corporais<\/strong> s\u00e3o cosm\u00e9ticos dermatol\u00f3gicos formulados para reduzir hiperpigmenta\u00e7\u00f5es, uniformizando o tom da pele e tratando \u00e1reas escurecidas por causas como:<\/p>\n\n\n\n<ul class=\"wp-block-list\">\n<li>Atrito cont\u00ednuo com roupas apertadas;<br><\/li>\n\n\n\n<li>Depila\u00e7\u00e3o agressiva ou incorreta;<br><\/li>\n\n\n\n<li>Inflama\u00e7\u00f5es como foliculite;<br><\/li>\n\n\n\n<li>Acne corporal ou les\u00f5es anteriores;<br><\/li>\n\n\n\n<li>Exposi\u00e7\u00e3o solar sem prote\u00e7\u00e3o adequada;<br><\/li>\n\n\n\n<li>Oscila\u00e7\u00f5es hormonais, como nas gesta\u00e7\u00f5es.<br><\/li>\n<\/ul>\n\n\n\n<p>De acordo com a<a href=\"https:\/\/pt.wikipedia.org\/wiki\/Clareamento_da_pele\" target=\"_blank\" rel=\"noopener\"> Wikipedia<\/a>, o clareamento da pele \u00e9 uma pr\u00e1tica antiga, mas que evoluiu com a medicina dermatol\u00f3gica moderna, respeitando os limites e as necessidades de cada tipo de pele.<\/p>\n\n\n\n<hr class=\"wp-block-separator has-alpha-channel-opacity\"\/>\n\n\n\n<h2 class=\"wp-block-heading\"><strong>Quais s\u00e3o os ativos mais recomendados?<\/strong><\/h2>\n\n\n\n<p>Para saber quais s\u00e3o os <strong>melhores cremes clareadores corporais<\/strong>, \u00e9 essencial entender os ativos mais eficazes e seguros para a pele. Entre os mais indicados pela dermatologia, destacam-se:<\/p>\n\n\n\n<ul class=\"wp-block-list\">\n<li><strong>Niacinamida<\/strong>: com a\u00e7\u00e3o clareadora suave, fortalece a barreira cut\u00e2nea e reduz a inflama\u00e7\u00e3o.<br><\/li>\n\n\n\n<li><strong>\u00c1cido k\u00f3jico<\/strong>: inibe a produ\u00e7\u00e3o de melanina, sendo ideal para manchas hormonais ou p\u00f3s-inflamat\u00f3rias.<br><\/li>\n\n\n\n<li><strong>\u00c1cido glic\u00f3lico<\/strong>: promove esfolia\u00e7\u00e3o qu\u00edmica, acelerando a renova\u00e7\u00e3o celular.<br><\/li>\n\n\n\n<li><strong>\u00c1cido tranex\u00e2mico<\/strong>: atua na hiperpigmenta\u00e7\u00e3o persistente, sendo indicado inclusive para peles sens\u00edveis.<br><\/li>\n\n\n\n<li><strong>Vitamina C<\/strong>: al\u00e9m de clarear, \u00e9 antioxidante e uniformiza o tom da pele.<br><\/li>\n\n\n\n<li><strong>Arbutin<\/strong>: derivado da hidroquinona, clareia sem os efeitos adversos dessa subst\u00e2ncia.<br><\/li>\n<\/ul>\n\n\n\n<p>Os produtos que combinam mais de um desses ativos tendem a oferecer resultados mais r\u00e1pidos e completos.<\/p>\n\n\n\n<hr class=\"wp-block-separator has-alpha-channel-opacity\"\/>\n\n\n\n<h2 class=\"wp-block-heading\"><strong>Como identificar os melhores cremes clareadores corporais para o seu caso?<\/strong><\/h2>\n\n\n\n<p>A escolha do produto ideal deve considerar os seguintes fatores:<\/p>\n\n\n\n<ul class=\"wp-block-list\">\n<li><strong>Tipo de pele<\/strong>: sens\u00edvel, oleosa, seca, mista ou resistente;<br><\/li>\n\n\n\n<li><strong>Local da mancha<\/strong>: \u00e1reas como axilas e virilhas exigem f\u00f3rmulas mais suaves;<br><\/li>\n\n\n\n<li><strong>Causa do escurecimento<\/strong>: hormonal, p\u00f3s-les\u00e3o, atrito ou inflama\u00e7\u00e3o;<br><\/li>\n\n\n\n<li><strong>Tempo da mancha<\/strong>: manchas antigas podem precisar de tratamentos mais potentes;<br><\/li>\n\n\n\n<li><strong>Hist\u00f3rico cl\u00ednico<\/strong>: alergias, uso de medicamentos ou gravidez devem ser levados em conta.<br><\/li>\n<\/ul>\n\n\n\n<hr class=\"wp-block-separator has-alpha-channel-opacity\"\/>\n\n\n\n<h2 class=\"wp-block-heading\"><strong>Como aplicar corretamente os clareadores corporais?<\/strong><\/h2>\n\n\n\n<p>Mesmo os <a href=\"https:\/\/www.clinicaleilanecatricala.com.br\/blog\/261\/cremes-clareadores-corporais-como-escolher-o-melhor-para-sua-pele\" target=\"_blank\" rel=\"noopener\"><strong>melhores cremes clareadores corporais<\/strong><\/a> precisam de uso correto para entregar resultados. Veja o passo a passo:<\/p>\n\n\n\n<ol class=\"wp-block-list\">\n<li><strong>Higienize a pele<\/strong> com sabonete neutro;<br><\/li>\n\n\n\n<li><strong>Aplique \u00e0 noite<\/strong>, quando a pele est\u00e1 mais receptiva aos ativos;<br><\/li>\n\n\n\n<li><strong>Use uma pequena quantidade<\/strong>, espalhando suavemente;<br><\/li>\n\n\n\n<li><strong>Evite exposi\u00e7\u00e3o solar<\/strong> direta na regi\u00e3o tratada;<br><\/li>\n\n\n\n<li><strong>Durante o dia, aplique filtro solar corporal<\/strong>, mesmo em \u00e1reas cobertas.<br><\/li>\n<\/ol>\n\n\n\n<p>A disciplina na aplica\u00e7\u00e3o \u00e9 o segredo para o clareamento progressivo e uniforme.<\/p>\n\n\n\n<hr class=\"wp-block-separator has-alpha-channel-opacity\"\/>\n\n\n\n<h2 class=\"wp-block-heading\"><strong>Resultados: quando aparecem e como potencializar?<\/strong><\/h2>\n\n\n\n<p>Normalmente, os primeiros resultados aparecem entre 30 e 45 dias. A uniformiza\u00e7\u00e3o do tom pode ser percebida mais nitidamente a partir de 60 dias de uso cont\u00ednuo.<\/p>\n\n\n\n<p>Dicas para potencializar o efeito dos <strong>melhores cremes clareadores corporais<\/strong>:<\/p>\n\n\n\n<ul class=\"wp-block-list\">\n<li>Use protetor solar todos os dias;<br><\/li>\n\n\n\n<li>Evite roupas muito justas;<br><\/li>\n\n\n\n<li>Mantenha a pele hidratada;<br><\/li>\n\n\n\n<li>Esfolie levemente a regi\u00e3o 1 vez por semana;<br><\/li>\n\n\n\n<li>Evite atritos e agress\u00f5es na \u00e1rea tratada.<br><\/li>\n<\/ul>\n\n\n\n<p>Em casos persistentes, \u00e9 necess\u00e1rio consultar um dermatologista para tratamentos complementares.<\/p>\n\n\n\n<hr class=\"wp-block-separator has-alpha-channel-opacity\"\/>\n\n\n\n<h2 class=\"wp-block-heading\"><strong>Riscos e cuidados importantes<\/strong><\/h2>\n\n\n\n<p>Ainda que os cremes clareadores sejam seguros, \u00e9 preciso aten\u00e7\u00e3o a rea\u00e7\u00f5es como:<\/p>\n\n\n\n<ul class=\"wp-block-list\">\n<li>Vermelhid\u00e3o persistente;<br><\/li>\n\n\n\n<li>Coceira ou descama\u00e7\u00e3o intensa;<br><\/li>\n\n\n\n<li>Sensa\u00e7\u00e3o de queima\u00e7\u00e3o ou ard\u00eancia;<br><\/li>\n\n\n\n<li>Escurecimento ao inv\u00e9s de clareamento (quando usados indevidamente).<br><\/li>\n<\/ul>\n\n\n\n<p>Se isso ocorrer, suspenda o uso e procure um profissional. Gestantes e lactantes devem sempre consultar seu m\u00e9dico antes de iniciar o tratamento. O uso indiscriminado de clareadores sem indica\u00e7\u00e3o pode causar <strong>hiperpigmenta\u00e7\u00e3o rebote<\/strong>.<\/p>\n\n\n\n<hr class=\"wp-block-separator has-alpha-channel-opacity\"\/>\n\n\n\n<h2 class=\"wp-block-heading\"><strong>Quais regi\u00f5es do corpo podem ser clareadas com seguran\u00e7a?<\/strong><\/h2>\n\n\n\n<ul class=\"wp-block-list\">\n<li><strong>Axilas e virilhas<\/strong>;<br><\/li>\n\n\n\n<li><strong>Joelhos e cotovelos<\/strong>;<br><\/li>\n\n\n\n<li><strong>Parte interna das coxas<\/strong>;<br><\/li>\n\n\n\n<li><strong>Costas e ombros<\/strong>;<br><\/li>\n\n\n\n<li><strong>Gl\u00fateos<\/strong>.<br><\/li>\n<\/ul>\n\n\n\n<p>Essas regi\u00f5es s\u00e3o as mais comuns para o tratamento com <strong>cremes clareadores corporais<\/strong>, por serem \u00e1reas de atrito ou propensas a les\u00f5es e inflama\u00e7\u00f5es.<\/p>\n\n\n\n<hr class=\"wp-block-separator has-alpha-channel-opacity\"\/>\n\n\n\n<h2 class=\"wp-block-heading\"><strong>Melhores pr\u00e1ticas e complementos ao tratamento<\/strong><\/h2>\n\n\n\n<p>Al\u00e9m do creme, inclua na rotina h\u00e1bitos que ajudam na recupera\u00e7\u00e3o da pele:<\/p>\n\n\n\n<ul class=\"wp-block-list\">\n<li>Preferir roupas leves e respir\u00e1veis;<br><\/li>\n\n\n\n<li>Controlar o peso corporal (que influencia no atrito);<br><\/li>\n\n\n\n<li>Reduzir procedimentos depilat\u00f3rios agressivos;<br><\/li>\n\n\n\n<li>Evitar bronzeamento artificial ou natural;<br><\/li>\n\n\n\n<li>Ingerir \u00e1gua regularmente e manter uma alimenta\u00e7\u00e3o rica em antioxidantes.<br><\/li>\n<\/ul>\n\n\n\n<p>Para mais informa\u00e7\u00f5es, leia o guia da<a href=\"https:\/\/www.clinicaleilanecatricala.com.br\/blog\/261\/cremes-clareadores-corporais-como-escolher-o-melhor-para-sua-pele\" target=\"_blank\" rel=\"noopener\"> Cl\u00ednica Leilane Catricala<\/a> com recomenda\u00e7\u00f5es dermatol\u00f3gicas completas.<\/p>\n\n\n\n<hr class=\"wp-block-separator has-alpha-channel-opacity\"\/>\n\n\n\n<h2 class=\"wp-block-heading\"><strong>Estudos recentes e respaldo profissional<\/strong><\/h2>\n\n\n\n<p>De acordo com um estudo da <em>Dermatology Times<\/em>, o \u00e1cido tranex\u00e2mico tem se mostrado altamente eficaz no clareamento de regi\u00f5es escurecidas por melasma e manchas corporais, especialmente quando combinado com niacinamida. Veja a mat\u00e9ria completa aqui:<br>\u27a1\ufe0f Dermatology Times \u2013 Topical tranexamic acid<\/p>\n\n\n\n<p>Tamb\u00e9m \u00e9 poss\u00edvel encontrar refer\u00eancias confi\u00e1veis sobre clareadores no artigo da<a href=\"https:\/\/pt.wikipedia.org\/wiki\/Clareamento_da_pele\" target=\"_blank\" rel=\"noopener\"> Wikipedia<\/a>.<\/p>\n\n\n\n<hr class=\"wp-block-separator has-alpha-channel-opacity\"\/>\n\n\n\n<h2 class=\"wp-block-heading\"><strong>Conclus\u00e3o: Clareamento corporal com seguran\u00e7a e ci\u00eancia<\/strong><\/h2>\n\n\n\n<p>As manchas corporais n\u00e3o precisam mais ser um inc\u00f4modo constante. Com a orienta\u00e7\u00e3o correta, produtos de qualidade e acompanhamento profissional, \u00e9 poss\u00edvel conquistar uma pele mais uniforme, hidratada e saud\u00e1vel.<\/p>\n\n\n\n<p>Escolher entre os <a href=\"https:\/\/www.clinicaleilanecatricala.com.br\/blog\/261\/cremes-clareadores-corporais-como-escolher-o-melhor-para-sua-pele\" target=\"_blank\" rel=\"noopener\"><strong>melhores cremes clareadores corporais<\/strong><\/a> \u00e9 uma decis\u00e3o que deve ser feita com base cient\u00edfica, considerando tipo de pele, ativos e modo de aplica\u00e7\u00e3o. Evite solu\u00e7\u00f5es caseiras sem embasamento. A sua pele \u00e9 \u00fanica \u2014 e merece cuidados seguros.<\/p>\n\n\n\n<p>Para aprofundar seu conhecimento e descobrir qual produto funciona melhor para voc\u00ea, acesse o guia completo da<a href=\"https:\/\/www.clinicaleilanecatricala.com.br\/blog\/261\/cremes-clareadores-corporais-como-escolher-o-melhor-para-sua-pele\" target=\"_blank\" rel=\"noopener\"> Cl\u00ednica Leilane Catricala sobre clareadores corporais<\/a>.<\/p>\n\n\n\n<hr class=\"wp-block-separator has-alpha-channel-opacity\"\/>\n\n\n\n<p><strong>Copyright \u00a9<\/strong><a href=\"https:\/\/www.clinicaleilanecatricala.com.br\/blog\/261\/cremes-clareadores-corporais-como-escolher-o-melhor-para-sua-pele\" target=\"_blank\" rel=\"noopener\"><strong> <\/strong><strong>Cl\u00ednica Leilane Catricala<\/strong><\/a><\/p>\n","protected":false},"excerpt":{"rendered":"<p>Introdu\u00e7\u00e3o: Manchas na pele e autoestima \u2014 um desafio cada vez mais comum A pele \u00e9 o maior \u00f3rg\u00e3o do corpo humano e, como tal, reflete h\u00e1bitos, estilo de vida e, muitas vezes, quest\u00f5es hormonais ou gen\u00e9ticas. Entre os problemas est\u00e9ticos mais relatados em consult\u00f3rios dermatol\u00f3gicos, as manchas corporais ganham destaque. Manchas nas axilas, virilhas, [&hellip;]<\/p>\n","protected":false},"author":1,"featured_media":59,"comment_status":"open","ping_status":"open","sticky":false,"template":"","format":"standard","meta":{"footnotes":""},"categories":[3],"tags":[],"class_list":["post-58","post","type-post","status-publish","format-standard","has-post-thumbnail","hentry","category-news"],"_links":{"self":[{"href":"https:\/\/scottduvall.ca\/index.php?rest_route=\/wp\/v2\/posts\/58","targetHints":{"allow":["GET"]}}],"collection":[{"href":"https:\/\/scottduvall.ca\/index.php?rest_route=\/wp\/v2\/posts"}],"about":[{"href":"https:\/\/scottduvall.ca\/index.php?rest_route=\/wp\/v2\/types\/post"}],"author":[{"embeddable":true,"href":"https:\/\/scottduvall.ca\/index.php?rest_route=\/wp\/v2\/users\/1"}],"replies":[{"embeddable":true,"href":"https:\/\/scottduvall.ca\/index.php?rest_route=%2Fwp%2Fv2%2Fcomments&post=58"}],"version-history":[{"count":1,"href":"https:\/\/scottduvall.ca\/index.php?rest_route=\/wp\/v2\/posts\/58\/revisions"}],"predecessor-version":[{"id":60,"href":"https:\/\/scottduvall.ca\/index.php?rest_route=\/wp\/v2\/posts\/58\/revisions\/60"}],"wp:featuredmedia":[{"embeddable":true,"href":"https:\/\/scottduvall.ca\/index.php?rest_route=\/wp\/v2\/media\/59"}],"wp:attachment":[{"href":"https:\/\/scottduvall.ca\/index.php?rest_route=%2Fwp%2Fv2%2Fmedia&parent=58"}],"wp:term":[{"taxonomy":"category","embeddable":true,"href":"https:\/\/scottduvall.ca\/index.php?rest_route=%2Fwp%2Fv2%2Fcategories&post=58"},{"taxonomy":"post_tag","embeddable":true,"href":"https:\/\/scottduvall.ca\/index.php?rest_route=%2Fwp%2Fv2%2Ftags&post=58"}],"curies":[{"name":"wp","href":"https:\/\/api.w.org\/{rel}","templated":true}]}}