{"id":118,"date":"2025-08-28T19:58:21","date_gmt":"2025-08-28T19:58:21","guid":{"rendered":"https:\/\/scottduvall.ca\/?p=118"},"modified":"2025-08-14T20:14:56","modified_gmt":"2025-08-14T20:14:56","slug":"arara-para-roupas-de-parede-praticidade-e-estilo-na-organizacao","status":"publish","type":"post","link":"https:\/\/scottduvall.ca\/?p=118","title":{"rendered":"Arara para Roupas de Parede: Praticidade e Estilo na Organiza\u00e7\u00e3o"},"content":{"rendered":"\n<p>A<a href=\"https:\/\/artcomvidros.com.br\/araras-de-roupas\/parede\/\" target=\"_blank\" rel=\"noopener\"> <strong>arara para roupas de parede<\/strong><\/a> \u00e9 uma solu\u00e7\u00e3o vers\u00e1til e eficiente para organizar e expor pe\u00e7as, aproveitando ao m\u00e1ximo o espa\u00e7o vertical. Seja em lojas de moda ou closets residenciais, ela combina funcionalidade e est\u00e9tica, criando ambientes mais organizados e atrativos.<\/p>\n\n\n\n<hr class=\"wp-block-separator has-alpha-channel-opacity\"\/>\n\n\n\n<h2 class=\"wp-block-heading\"><strong>Benef\u00edcios de usar arara para roupas de parede<\/strong><\/h2>\n\n\n\n<ul class=\"wp-block-list\">\n<li><strong>Otimiza\u00e7\u00e3o do espa\u00e7o<\/strong> \u2013 Libera \u00e1reas centrais, facilitando a circula\u00e7\u00e3o.<br><\/li>\n\n\n\n<li><strong>Exposi\u00e7\u00e3o clara<\/strong> \u2013 Roupas ficam vis\u00edveis e acess\u00edveis.<br><\/li>\n\n\n\n<li><strong>Design adapt\u00e1vel<\/strong> \u2013 Combina com diferentes estilos de decora\u00e7\u00e3o.<br><\/li>\n\n\n\n<li><strong>Durabilidade<\/strong> \u2013 Produzida com materiais resistentes para uso intenso.<br><\/li>\n<\/ul>\n\n\n\n<hr class=\"wp-block-separator has-alpha-channel-opacity\"\/>\n\n\n\n<h2 class=\"wp-block-heading\"><strong>Onde instalar araras de parede<\/strong><\/h2>\n\n\n\n<p>A <strong>arara para roupas de parede<\/strong> pode ser utilizada em:<\/p>\n\n\n\n<ul class=\"wp-block-list\">\n<li>Lojas de roupas femininas, masculinas e infantis.<br><\/li>\n\n\n\n<li>Showrooms e est\u00fadios de moda.<br><\/li>\n\n\n\n<li>Closets planejados.<br><\/li>\n\n\n\n<li>Eventos e feiras de vestu\u00e1rio.<br><\/li>\n<\/ul>\n\n\n\n<p>Integr\u00e1-la com<a href=\"https:\/\/artcomvidros.com.br\/cabides\/cabides-de-madeira\/\" target=\"_blank\" rel=\"noopener\"> cabides de madeira<\/a> e<a href=\"https:\/\/artcomvidros.com.br\/manequim\/bustos-e-meio-corpos\/\" target=\"_blank\" rel=\"noopener\"> manequins<\/a> garante uma exposi\u00e7\u00e3o ainda mais elegante e funcional.<\/p>\n\n\n\n<hr class=\"wp-block-separator has-alpha-channel-opacity\"\/>\n\n\n\n<h2 class=\"wp-block-heading\"><strong>Tipos de araras de parede<\/strong><\/h2>\n\n\n\n<ul class=\"wp-block-list\">\n<li><strong>Retas<\/strong> \u2013 Cl\u00e1ssicas e simples para organiza\u00e7\u00e3o linear.<br><\/li>\n\n\n\n<li><strong>Inclinadas<\/strong> \u2013 Facilitam a visualiza\u00e7\u00e3o e acesso \u00e0s pe\u00e7as.<br><\/li>\n\n\n\n<li><strong>Com prateleiras<\/strong> \u2013 Ideal para combinar roupas e acess\u00f3rios no mesmo espa\u00e7o.<br><\/li>\n\n\n\n<li><strong>Modulares<\/strong> \u2013 Permitem personaliza\u00e7\u00e3o conforme a necessidade.<br><\/li>\n<\/ul>\n\n\n\n<p>A<a href=\"https:\/\/artcomvidros.com.br\/\" target=\"_blank\" rel=\"noopener\"> <strong>ArtCom Vidros<\/strong><\/a> oferece modelos de alta resist\u00eancia e acabamento impec\u00e1vel, ideais para diversos ambientes.<\/p>\n\n\n\n<hr class=\"wp-block-separator has-alpha-channel-opacity\"\/>\n\n\n\n<h2 class=\"wp-block-heading\"><strong>Cuidados e manuten\u00e7\u00e3o<\/strong><\/h2>\n\n\n\n<ul class=\"wp-block-list\">\n<li>Fixar com buchas e parafusos adequados ao tipo de parede.<br><\/li>\n\n\n\n<li>Limpar periodicamente para manter o bom aspecto.<br><\/li>\n\n\n\n<li>N\u00e3o exceder a capacidade de peso indicada pelo fabricante.<br><\/li>\n<\/ul>\n\n\n\n<hr class=\"wp-block-separator has-alpha-channel-opacity\"\/>\n\n\n\n<h2 class=\"wp-block-heading\"><strong>Conclus\u00e3o<\/strong><\/h2>\n\n\n\n<p>A<a href=\"https:\/\/artcomvidros.com.br\/araras-de-roupas\/parede\/\" target=\"_blank\" rel=\"noopener\"> <strong>arara para roupas de parede<\/strong><\/a> \u00e9 uma excelente escolha para quem deseja aliar organiza\u00e7\u00e3o, est\u00e9tica e aproveitamento inteligente do espa\u00e7o.<\/p>\n\n\n\n<p>Para mais informa\u00e7\u00f5es sobre sistemas de exposi\u00e7\u00e3o, a Wikip\u00e9dia oferece um panorama completo e hist\u00f3rico sobre o tema.<\/p>\n","protected":false},"excerpt":{"rendered":"<p>A arara para roupas de parede \u00e9 uma solu\u00e7\u00e3o vers\u00e1til e eficiente para organizar e expor pe\u00e7as, aproveitando ao m\u00e1ximo o espa\u00e7o vertical. Seja em lojas de moda ou closets residenciais, ela combina funcionalidade e est\u00e9tica, criando ambientes mais organizados e atrativos. Benef\u00edcios de usar arara para roupas de parede Onde instalar araras de parede [&hellip;]<\/p>\n","protected":false},"author":1,"featured_media":119,"comment_status":"open","ping_status":"open","sticky":false,"template":"","format":"standard","meta":{"footnotes":""},"categories":[3],"tags":[],"class_list":["post-118","post","type-post","status-publish","format-standard","has-post-thumbnail","hentry","category-news"],"_links":{"self":[{"href":"https:\/\/scottduvall.ca\/index.php?rest_route=\/wp\/v2\/posts\/118","targetHints":{"allow":["GET"]}}],"collection":[{"href":"https:\/\/scottduvall.ca\/index.php?rest_route=\/wp\/v2\/posts"}],"about":[{"href":"https:\/\/scottduvall.ca\/index.php?rest_route=\/wp\/v2\/types\/post"}],"author":[{"embeddable":true,"href":"https:\/\/scottduvall.ca\/index.php?rest_route=\/wp\/v2\/users\/1"}],"replies":[{"embeddable":true,"href":"https:\/\/scottduvall.ca\/index.php?rest_route=%2Fwp%2Fv2%2Fcomments&post=118"}],"version-history":[{"count":1,"href":"https:\/\/scottduvall.ca\/index.php?rest_route=\/wp\/v2\/posts\/118\/revisions"}],"predecessor-version":[{"id":120,"href":"https:\/\/scottduvall.ca\/index.php?rest_route=\/wp\/v2\/posts\/118\/revisions\/120"}],"wp:featuredmedia":[{"embeddable":true,"href":"https:\/\/scottduvall.ca\/index.php?rest_route=\/wp\/v2\/media\/119"}],"wp:attachment":[{"href":"https:\/\/scottduvall.ca\/index.php?rest_route=%2Fwp%2Fv2%2Fmedia&parent=118"}],"wp:term":[{"taxonomy":"category","embeddable":true,"href":"https:\/\/scottduvall.ca\/index.php?rest_route=%2Fwp%2Fv2%2Fcategories&post=118"},{"taxonomy":"post_tag","embeddable":true,"href":"https:\/\/scottduvall.ca\/index.php?rest_route=%2Fwp%2Fv2%2Ftags&post=118"}],"curies":[{"name":"wp","href":"https:\/\/api.w.org\/{rel}","templated":true}]}}