{"id":115,"date":"2025-08-16T19:34:54","date_gmt":"2025-08-16T19:34:54","guid":{"rendered":"https:\/\/scottduvall.ca\/?p=115"},"modified":"2025-08-14T19:58:04","modified_gmt":"2025-08-14T19:58:04","slug":"balcao-expositor-vidro-elegancia-e-funcionalidade-para-lojas","status":"publish","type":"post","link":"https:\/\/scottduvall.ca\/?p=115","title":{"rendered":"Balc\u00e3o Expositor Vidro: Eleg\u00e2ncia e Funcionalidade para Lojas"},"content":{"rendered":"\n<p>O<a href=\"https:\/\/artcomvidros.com.br\/expositores\/vidros\/\" target=\"_blank\" rel=\"noopener\"> <strong>balc\u00e3o expositor vidro<\/strong><\/a> \u00e9 um item indispens\u00e1vel para quem busca unir sofistica\u00e7\u00e3o, seguran\u00e7a e praticidade na apresenta\u00e7\u00e3o de produtos. Ele valoriza o que est\u00e1 sendo exposto e cria um ambiente mais organizado e profissional no ponto de venda.<\/p>\n\n\n\n<hr class=\"wp-block-separator has-alpha-channel-opacity\"\/>\n\n\n\n<h2 class=\"wp-block-heading\"><strong>Por que investir em um balc\u00e3o expositor de vidro?<\/strong><\/h2>\n\n\n\n<p>Esse tipo de expositor oferece benef\u00edcios que v\u00e3o muito al\u00e9m da est\u00e9tica:<\/p>\n\n\n\n<ul class=\"wp-block-list\">\n<li><strong>Visibilidade total<\/strong> \u2013 Permite que o cliente veja os produtos de todos os \u00e2ngulos.<br><\/li>\n\n\n\n<li><strong>Prote\u00e7\u00e3o<\/strong> \u2013 Evita manuseio excessivo e danos.<br><\/li>\n\n\n\n<li><strong>Organiza\u00e7\u00e3o<\/strong> \u2013 Mant\u00e9m o ambiente mais limpo e funcional.<br><\/li>\n\n\n\n<li><strong>Versatilidade<\/strong> \u2013 Adequado para diferentes segmentos, como joalherias, \u00f3ticas, eletr\u00f4nicos e decora\u00e7\u00e3o.<br><\/li>\n<\/ul>\n\n\n\n<hr class=\"wp-block-separator has-alpha-channel-opacity\"\/>\n\n\n\n<h2 class=\"wp-block-heading\"><strong>Onde usar o balc\u00e3o expositor vidro<\/strong><\/h2>\n\n\n\n<p>Esse balc\u00e3o \u00e9 ideal para:<\/p>\n\n\n\n<ul class=\"wp-block-list\">\n<li>Lojas de presentes e decora\u00e7\u00e3o.<br><\/li>\n\n\n\n<li>\u00d3ticas e joalherias.<br><\/li>\n\n\n\n<li>Espa\u00e7os de feiras e eventos.<br><\/li>\n\n\n\n<li>Lojas de eletr\u00f4nicos e acess\u00f3rios.<br><\/li>\n<\/ul>\n\n\n\n<p>Para um layout mais completo, \u00e9 poss\u00edvel combin\u00e1-lo com<a href=\"https:\/\/artcomvidros.com.br\/vitrines-de-vidro\/\" target=\"_blank\" rel=\"noopener\"> vitrines de vidro<\/a> e<a href=\"https:\/\/artcomvidros.com.br\/manequim\/bustos-e-meio-corpos\/\" target=\"_blank\" rel=\"noopener\"> manequins<\/a> para criar um ambiente atrativo e integrado.<\/p>\n\n\n\n<hr class=\"wp-block-separator has-alpha-channel-opacity\"\/>\n\n\n\n<h2 class=\"wp-block-heading\"><strong>Caracter\u00edsticas importantes na escolha<\/strong><\/h2>\n\n\n\n<p>Ao selecionar um balc\u00e3o expositor vidro, considere:<\/p>\n\n\n\n<ul class=\"wp-block-list\">\n<li><strong>Dimens\u00f5es<\/strong> \u2013 Compatibilidade com o espa\u00e7o dispon\u00edvel.<br><\/li>\n\n\n\n<li><strong>Acabamento<\/strong> \u2013 Estrutura resistente e de qualidade.<br><\/li>\n\n\n\n<li><strong>Ilumina\u00e7\u00e3o interna<\/strong> \u2013 Real\u00e7a os detalhes dos produtos.<br><\/li>\n<\/ul>\n\n\n\n<p>A<a href=\"https:\/\/artcomvidros.com.br\/\" target=\"_blank\" rel=\"noopener\"> <strong>ArtCom Vidros<\/strong><\/a> disponibiliza modelos modernos e dur\u00e1veis, ideais para diferentes tipos de estabelecimentos.<\/p>\n\n\n\n<hr class=\"wp-block-separator has-alpha-channel-opacity\"\/>\n\n\n\n<h2 class=\"wp-block-heading\"><strong>Cuidados e manuten\u00e7\u00e3o<\/strong><\/h2>\n\n\n\n<ul class=\"wp-block-list\">\n<li>Limpe com produtos espec\u00edficos para vidro para manter a transpar\u00eancia.<br><\/li>\n\n\n\n<li>Evite sobrepeso nas prateleiras.<br><\/li>\n\n\n\n<li>Confira periodicamente fechaduras e travas de seguran\u00e7a.<br><\/li>\n<\/ul>\n\n\n\n<hr class=\"wp-block-separator has-alpha-channel-opacity\"\/>\n\n\n\n<h2 class=\"wp-block-heading\"><strong>Conclus\u00e3o<\/strong><\/h2>\n\n\n\n<p>O<a href=\"https:\/\/artcomvidros.com.br\/expositores\/vidros\/\" target=\"_blank\" rel=\"noopener\"> <strong>balc\u00e3o expositor vidro<\/strong><\/a> \u00e9 mais do que um m\u00f3vel de loja: \u00e9 uma pe\u00e7a estrat\u00e9gica para valorizar produtos e melhorar a experi\u00eancia de compra.<\/p>\n\n\n\n<p>Para saber mais sobre sistemas de exposi\u00e7\u00e3o e displays, a Wikip\u00e9dia oferece informa\u00e7\u00f5es relevantes e hist\u00f3ricas sobre o tema.<\/p>\n\n\n\n<p><\/p>\n","protected":false},"excerpt":{"rendered":"<p>O balc\u00e3o expositor vidro \u00e9 um item indispens\u00e1vel para quem busca unir sofistica\u00e7\u00e3o, seguran\u00e7a e praticidade na apresenta\u00e7\u00e3o de produtos. Ele valoriza o que est\u00e1 sendo exposto e cria um ambiente mais organizado e profissional no ponto de venda. Por que investir em um balc\u00e3o expositor de vidro? Esse tipo de expositor oferece benef\u00edcios que [&hellip;]<\/p>\n","protected":false},"author":1,"featured_media":116,"comment_status":"open","ping_status":"open","sticky":false,"template":"","format":"standard","meta":{"footnotes":""},"categories":[3],"tags":[],"class_list":["post-115","post","type-post","status-publish","format-standard","has-post-thumbnail","hentry","category-news"],"_links":{"self":[{"href":"https:\/\/scottduvall.ca\/index.php?rest_route=\/wp\/v2\/posts\/115","targetHints":{"allow":["GET"]}}],"collection":[{"href":"https:\/\/scottduvall.ca\/index.php?rest_route=\/wp\/v2\/posts"}],"about":[{"href":"https:\/\/scottduvall.ca\/index.php?rest_route=\/wp\/v2\/types\/post"}],"author":[{"embeddable":true,"href":"https:\/\/scottduvall.ca\/index.php?rest_route=\/wp\/v2\/users\/1"}],"replies":[{"embeddable":true,"href":"https:\/\/scottduvall.ca\/index.php?rest_route=%2Fwp%2Fv2%2Fcomments&post=115"}],"version-history":[{"count":1,"href":"https:\/\/scottduvall.ca\/index.php?rest_route=\/wp\/v2\/posts\/115\/revisions"}],"predecessor-version":[{"id":117,"href":"https:\/\/scottduvall.ca\/index.php?rest_route=\/wp\/v2\/posts\/115\/revisions\/117"}],"wp:featuredmedia":[{"embeddable":true,"href":"https:\/\/scottduvall.ca\/index.php?rest_route=\/wp\/v2\/media\/116"}],"wp:attachment":[{"href":"https:\/\/scottduvall.ca\/index.php?rest_route=%2Fwp%2Fv2%2Fmedia&parent=115"}],"wp:term":[{"taxonomy":"category","embeddable":true,"href":"https:\/\/scottduvall.ca\/index.php?rest_route=%2Fwp%2Fv2%2Fcategories&post=115"},{"taxonomy":"post_tag","embeddable":true,"href":"https:\/\/scottduvall.ca\/index.php?rest_route=%2Fwp%2Fv2%2Ftags&post=115"}],"curies":[{"name":"wp","href":"https:\/\/api.w.org\/{rel}","templated":true}]}}